{"id":2123,"date":"2018-01-09T13:59:35","date_gmt":"2018-01-09T12:59:35","guid":{"rendered":"https:\/\/www.comprarbanderas.es\/blog\/?p=2123"},"modified":"2018-02-07T13:51:50","modified_gmt":"2018-02-07T12:51:50","slug":"bandera-de-mochila-espanola","status":"publish","type":"post","link":"https:\/\/www.comprarbanderas.es\/blog\/bandera-de-mochila-espanola\/2018\/01\/09\/","title":{"rendered":"Bandera de mochila espa\u00f1ola"},"content":{"rendered":"<p><span style=\"font-weight: 400\">La <\/span><b>bandera cubre percha<\/b><span style=\"font-weight: 400\"> se comenz\u00f3 a dar al ej\u00e9rcito espa\u00f1ol durante el siglo XIX durante las expediciones realizadas al continente africano. La <\/span><b>bandera de percha espa\u00f1ola<\/b><span style=\"font-weight: 400\"> se utilizaba para que el soldado pudiera cubrir y proteger sus pertenencias, sobre todo en campamentos.\u00a0<\/span><span style=\"font-weight: 400\">Esta bandera, tambi\u00e9n es denominada <\/span><b>bandera de mochila espa\u00f1ola<\/b><span style=\"font-weight: 400\">\u00a0debido a que, durante la campa\u00f1a se llevaba en la mochila para que las tropas pudieran identificar a sus compa\u00f1eros de batalla. Adem\u00e1s, si el soldado mor\u00eda en combate, este era enterrado con su bandera, tal y como se especificaba en algunos textos del cancionero popular militar: <\/span><i><span style=\"font-weight: 400\">\u201cel d\u00eda que yo me muera, si estoy lejos de mi Patria, solo quiero que me cubran con la <\/span><\/i><b><i>Bandera de Espa\u00f1a<\/i><\/b><i><span style=\"font-weight: 400\">\u201d.<\/span><\/i><\/p>\n<p><span style=\"font-weight: 400\">Se trata de una bandera de reducidas dimensiones, impresa en formato vertical, y cuya insignia se coloca en la franja amarilla central de la bandera. Dependiendo de la unidad a la que pertenece el soldado, la bandera queda identificada adem\u00e1s con la promoci\u00f3n concreta.<\/span><\/p>\n<p><span style=\"font-weight: 400\">Actualmente se est\u00e1 recuperando la costumbre de regalar la <\/span><b>bandera de mochila espa\u00f1ola<\/b><span style=\"font-weight: 400\"> en algunas unidades de distintos cuerpos de Espa\u00f1a. Este es el caso de la Academia B\u00e1sica de Suboficiales, que ha recuperado recientemente esta tradici\u00f3n durante el acto de clausura del curso de Ense\u00f1anza Militar para la incorporaci\u00f3n a la Escala de Suboficiales. La insignia de esta academia est\u00e1 compuesta por la cabeza de la diosa Minerva, diosa de la sabidur\u00eda y artes de la guerra, y la espada de Santiago, que representa el car\u00e1cter caballeresco del ap\u00f3stol. Durante el acto se realiz\u00f3 el obsequio de una <\/span><a href=\"https:\/\/www.comprarbanderas.es\/producto\/bandera-mochila-academia-general-basica-de-suboficiales.html\" target=\"_blank\" rel=\"noopener\"><b>bandera de percha <\/b><\/a><span style=\"font-weight: 400\">a cada alumno que pas\u00f3 a la siguiente promoci\u00f3n, adem\u00e1s se entregaron otros obsequios como cuadros de honor, menciones honor\u00edficas y una alabarda a los alumnos con mejores resultados.\u00a0<\/span><\/p>\n<p><span style=\"font-weight: 400\">En el caso de la Armada espa\u00f1ola, la <\/span><b>bandera de mochila de infanter\u00eda de marina<\/b><span style=\"font-weight: 400\"> fue obsequiada por la Escuela de Infanter\u00eda de Marina a los estudiantes de la Universidad Polit\u00e9cnica de Cartagena hace unos a\u00f1os, para reconocer su labor. Tambi\u00e9n fue otorgada en la Jura de Bandera y renovaci\u00f3n de la misma a 110 civiles, en la Escuela de Infanter\u00eda de Marina.<\/span><\/p>\n<figure id=\"attachment_2163\" aria-describedby=\"caption-attachment-2163\" style=\"width: 225px\" class=\"wp-caption alignleft\"><a href=\"https:\/\/i0.wp.com\/www.comprarbanderas.es\/blog\/wp-content\/uploads\/2018\/01\/396-bandera-de-mochila-academia-general-basica-de-suboficiales.jpg?ssl=1\" target=\"_blank\" rel=\"noopener\"><img data-recalc-dims=\"1\" loading=\"lazy\" decoding=\"async\" data-attachment-id=\"2163\" data-permalink=\"https:\/\/www.comprarbanderas.es\/blog\/bandera-de-mochila-espanola\/2018\/01\/09\/396-bandera-de-mochila-academia-general-basica-de-suboficiales\/\" data-orig-file=\"https:\/\/i0.wp.com\/www.comprarbanderas.es\/blog\/wp-content\/uploads\/2018\/01\/396-bandera-de-mochila-academia-general-basica-de-suboficiales.jpg?fit=413%2C551&amp;ssl=1\" data-orig-size=\"413,551\" data-comments-opened=\"1\" data-image-meta=\"{&quot;aperture&quot;:&quot;0&quot;,&quot;credit&quot;:&quot;&quot;,&quot;camera&quot;:&quot;&quot;,&quot;caption&quot;:&quot;&quot;,&quot;created_timestamp&quot;:&quot;0&quot;,&quot;copyright&quot;:&quot;&quot;,&quot;focal_length&quot;:&quot;0&quot;,&quot;iso&quot;:&quot;0&quot;,&quot;shutter_speed&quot;:&quot;0&quot;,&quot;title&quot;:&quot;&quot;,&quot;orientation&quot;:&quot;0&quot;}\" data-image-title=\"bandera de mochila\" data-image-description=\"\" data-image-caption=\"\" data-medium-file=\"https:\/\/i0.wp.com\/www.comprarbanderas.es\/blog\/wp-content\/uploads\/2018\/01\/396-bandera-de-mochila-academia-general-basica-de-suboficiales.jpg?fit=225%2C300&amp;ssl=1\" data-large-file=\"https:\/\/i0.wp.com\/www.comprarbanderas.es\/blog\/wp-content\/uploads\/2018\/01\/396-bandera-de-mochila-academia-general-basica-de-suboficiales.jpg?fit=413%2C551&amp;ssl=1\" class=\"wp-image-2163 size-medium\" src=\"https:\/\/i0.wp.com\/www.comprarbanderas.es\/blog\/wp-content\/uploads\/2018\/01\/396-bandera-de-mochila-academia-general-basica-de-suboficiales.jpg?resize=225%2C300&#038;ssl=1\" alt=\"\" width=\"225\" height=\"300\" srcset=\"https:\/\/i0.wp.com\/www.comprarbanderas.es\/blog\/wp-content\/uploads\/2018\/01\/396-bandera-de-mochila-academia-general-basica-de-suboficiales.jpg?resize=225%2C300&amp;ssl=1 225w, https:\/\/i0.wp.com\/www.comprarbanderas.es\/blog\/wp-content\/uploads\/2018\/01\/396-bandera-de-mochila-academia-general-basica-de-suboficiales.jpg?w=413&amp;ssl=1 413w\" sizes=\"auto, (max-width: 225px) 100vw, 225px\" \/><\/a><figcaption id=\"caption-attachment-2163\" class=\"wp-caption-text\">Bandera de mochila de Academia General B\u00e1sica de Suboficiales<\/figcaption><\/figure>\n<p><span style=\"font-weight: 400\">La <\/span><b>bandera de mochila espa\u00f1ola<\/b><span style=\"font-weight: 400\"> pertenece a la historia de las distintas organizaciones de defensa espa\u00f1olas, el Ej\u00e9rcito de Tierra espa\u00f1ol, la Armada espa\u00f1ola y el Ej\u00e9rcito del Aire, siendo obsequiada durante la Jura de Bandera y distintos actos de reconocimiento. <\/span><\/p>\n<p><span style=\"font-weight: 400\">Si deseas tener la bandera de tu unidad, no dudes en contactar con nosotros mediante nuestro correo electr\u00f3nico info@comprarbanderas.es, o bien, a trav\u00e9s de nuestras l\u00edneas telef\u00f3nicas 951 204 209 \u00f3 636 256 550.<\/span><\/p>\n<p>&nbsp;<\/p>\n<p>&nbsp;<\/p>\n<p><a href=\"https:\/\/www.comprarbanderas.es\/categoria\/banderas-de-mochila-id66.html\" target=\"_blank\" rel=\"noopener\"><img data-recalc-dims=\"1\" loading=\"lazy\" decoding=\"async\" data-attachment-id=\"1903\" data-permalink=\"https:\/\/www.comprarbanderas.es\/blog\/diferencias-esteladas-significan-los-distintos-colores\/2016\/05\/23\/boton-blog-02-02-2\/\" data-orig-file=\"https:\/\/i0.wp.com\/www.comprarbanderas.es\/blog\/wp-content\/uploads\/2016\/05\/BOT%C3%93N-BLOG-02-02.jpg?fit=252%2C72&amp;ssl=1\" data-orig-size=\"252,72\" data-comments-opened=\"1\" data-image-meta=\"{&quot;aperture&quot;:&quot;0&quot;,&quot;credit&quot;:&quot;&quot;,&quot;camera&quot;:&quot;&quot;,&quot;caption&quot;:&quot;&quot;,&quot;created_timestamp&quot;:&quot;0&quot;,&quot;copyright&quot;:&quot;&quot;,&quot;focal_length&quot;:&quot;0&quot;,&quot;iso&quot;:&quot;0&quot;,&quot;shutter_speed&quot;:&quot;0&quot;,&quot;title&quot;:&quot;&quot;,&quot;orientation&quot;:&quot;0&quot;}\" data-image-title=\"BOT\u00d3N-BLOG-02-02\" data-image-description=\"\" data-image-caption=\"\" data-medium-file=\"https:\/\/i0.wp.com\/www.comprarbanderas.es\/blog\/wp-content\/uploads\/2016\/05\/BOT%C3%93N-BLOG-02-02.jpg?fit=252%2C72&amp;ssl=1\" data-large-file=\"https:\/\/i0.wp.com\/www.comprarbanderas.es\/blog\/wp-content\/uploads\/2016\/05\/BOT%C3%93N-BLOG-02-02.jpg?fit=252%2C72&amp;ssl=1\" class=\"wp-image-1903 size-full aligncenter\" src=\"https:\/\/i0.wp.com\/www.comprarbanderas.es\/blog\/wp-content\/uploads\/2016\/05\/BOT%C3%93N-BLOG-02-02.jpg?resize=252%2C72&#038;ssl=1\" alt=\"\" width=\"252\" height=\"72\" \/><\/a><\/p>\n<p>&nbsp;<\/p>\n<p>&nbsp;<\/p>\n<div style=\"display: none;\"\n    class=\"kk-star-ratings kksr-valign-bottom kksr-align-left kksr-disabled\"\n    data-id=\"2123\"\n    data-slug=\"\">\n    <div class=\"kksr-stars\">\n    <div class=\"kksr-stars-inactive\">\n            <div class=\"kksr-star\" data-star=\"1\">\n            <div class=\"kksr-icon\" style=\"width: px; height: px;\"><\/div>\n        <\/div>\n            <div class=\"kksr-star\" data-star=\"2\">\n            <div class=\"kksr-icon\" style=\"width: px; height: px;\"><\/div>\n        <\/div>\n            <div class=\"kksr-star\" data-star=\"3\">\n            <div class=\"kksr-icon\" style=\"width: px; height: px;\"><\/div>\n        <\/div>\n            <div class=\"kksr-star\" data-star=\"4\">\n            <div class=\"kksr-icon\" style=\"width: px; height: px;\"><\/div>\n        <\/div>\n            <div class=\"kksr-star\" data-star=\"5\">\n            <div class=\"kksr-icon\" style=\"width: px; height: px;\"><\/div>\n        <\/div>\n    <\/div>\n    <div class=\"kksr-stars-active\" style=\"width: 0px;\">\n            <div class=\"kksr-star\">\n            <div class=\"kksr-icon\" style=\"width: px; height: px;\"><\/div>\n        <\/div>\n            <div class=\"kksr-star\">\n            <div class=\"kksr-icon\" style=\"width: px; height: px;\"><\/div>\n        <\/div>\n            <div class=\"kksr-star\">\n            <div class=\"kksr-icon\" style=\"width: px; height: px;\"><\/div>\n        <\/div>\n            <div class=\"kksr-star\">\n            <div class=\"kksr-icon\" style=\"width: px; height: px;\"><\/div>\n        <\/div>\n            <div class=\"kksr-star\">\n            <div class=\"kksr-icon\" style=\"width: px; height: px;\"><\/div>\n        <\/div>\n    <\/div>\n<\/div>\n    <div class=\"kksr-legend\">\n            <strong class=\"kksr-score\">5<\/strong>\n        <span class=\"kksr-muted\">\/<\/span>\n        <strong>5<\/strong>\n        <span class=\"kksr-muted\">(<\/span>\n        <strong class=\"kksr-count\">1<\/strong>\n        <span class=\"kksr-muted\">\n            voto        <\/span>\n        <span class=\"kksr-muted\">)<\/span>\n    <\/div>\n<\/div>\n","protected":false},"excerpt":{"rendered":"<p>La bandera cubre percha se comenz\u00f3 a dar al ej\u00e9rcito espa\u00f1ol durante el siglo XIX durante las expediciones realizadas al<\/p>\n","protected":false},"author":6,"featured_media":2160,"comment_status":"open","ping_status":"open","sticky":false,"template":"","format":"standard","meta":{"_acf_changed":false,"_jetpack_memberships_contains_paid_content":false,"footnotes":""},"categories":[1,529],"tags":[],"class_list":["post-2123","post","type-post","status-publish","format-standard","has-post-thumbnail","hentry","category-banderas-curiosas","category-banderas-de-espana"],"acf":[],"jetpack_featured_media_url":"https:\/\/i0.wp.com\/www.comprarbanderas.es\/blog\/wp-content\/uploads\/2018\/01\/397-bandera-de-mochila-ejercito-de-tierra-et.jpg?fit=413%2C551&ssl=1","jetpack_sharing_enabled":true,"jetpack_shortlink":"https:\/\/wp.me\/p6JuQy-yf","jetpack-related-posts":[],"jetpack_likes_enabled":true,"_links":{"self":[{"href":"https:\/\/www.comprarbanderas.es\/blog\/wp-json\/wp\/v2\/posts\/2123","targetHints":{"allow":["GET"]}}],"collection":[{"href":"https:\/\/www.comprarbanderas.es\/blog\/wp-json\/wp\/v2\/posts"}],"about":[{"href":"https:\/\/www.comprarbanderas.es\/blog\/wp-json\/wp\/v2\/types\/post"}],"author":[{"embeddable":true,"href":"https:\/\/www.comprarbanderas.es\/blog\/wp-json\/wp\/v2\/users\/6"}],"replies":[{"embeddable":true,"href":"https:\/\/www.comprarbanderas.es\/blog\/wp-json\/wp\/v2\/comments?post=2123"}],"version-history":[{"count":9,"href":"https:\/\/www.comprarbanderas.es\/blog\/wp-json\/wp\/v2\/posts\/2123\/revisions"}],"predecessor-version":[{"id":2164,"href":"https:\/\/www.comprarbanderas.es\/blog\/wp-json\/wp\/v2\/posts\/2123\/revisions\/2164"}],"wp:featuredmedia":[{"embeddable":true,"href":"https:\/\/www.comprarbanderas.es\/blog\/wp-json\/wp\/v2\/media\/2160"}],"wp:attachment":[{"href":"https:\/\/www.comprarbanderas.es\/blog\/wp-json\/wp\/v2\/media?parent=2123"}],"wp:term":[{"taxonomy":"category","embeddable":true,"href":"https:\/\/www.comprarbanderas.es\/blog\/wp-json\/wp\/v2\/categories?post=2123"},{"taxonomy":"post_tag","embeddable":true,"href":"https:\/\/www.comprarbanderas.es\/blog\/wp-json\/wp\/v2\/tags?post=2123"}],"curies":[{"name":"wp","href":"https:\/\/api.w.org\/{rel}","templated":true}]}}